{"id":370,"date":"2017-01-25T17:47:37","date_gmt":"2017-01-25T16:47:37","guid":{"rendered":"http:\/\/borderlinefilms.fr\/?p=370"},"modified":"2017-01-25T17:48:31","modified_gmt":"2017-01-25T16:48:31","slug":"nomination-de-peripheria-aux-cesar-2017","status":"publish","type":"post","link":"https:\/\/borderlinefilms.fr\/?p=370","title":{"rendered":"Nomination de PERIPHERIA aux C\u00e9sar 2017"},"content":{"rendered":"<p>Nous sommes tr\u00e8s fiers d&#8217;annoncer que le film de DAVID COQUARD-DASSAULT, produit par Schmuby et Autour de Minuit, est nomm\u00e9 aux C\u00e9sar 2017 !<\/p>\n<p>La c\u00e9r\u00e9monie aura lieu le 24 f\u00e9vrier prochain.<\/p>\n<p>Le film a \u00e9t\u00e9 soutenu par le CNC et la R\u00e9gion Nouvelle-Aquitaine et accompagn\u00e9 par l&#8217;agence Ecla.<\/p>\n<p>Le film est en lice pour le C\u00e9sar du meilleur film de court m\u00e9trage d\u2019animation aux c\u00f4t\u00e9s de :<\/p>\n<p>CAF\u00c9 FROID r\u00e9alis\u00e9 par FRAN\u00c7OIS LEROY, ST\u00c9PHANIE LANSAQUE<br \/>\nCELUI QUI A DEUX \u00c2MES r\u00e9alis\u00e9 par FABRICE LUANG-VIJA<br \/>\net JOURNAL ANIM\u00c9 r\u00e9alis\u00e9 par DONATO SANSONE<\/p>\n<p><a href=\"http:\/\/borderlinefilms.fr\/wp-content\/uploads\/2017\/01\/periphcesar.jpg\"><img loading=\"lazy\" decoding=\"async\" class=\"alignnone wp-image-371 size-full\" src=\"http:\/\/borderlinefilms.fr\/wp-content\/uploads\/2017\/01\/periphcesar.jpg\" alt=\"periphcesar\" width=\"960\" height=\"542\" srcset=\"https:\/\/borderlinefilms.fr\/wp-content\/uploads\/2017\/01\/periphcesar.jpg 960w, https:\/\/borderlinefilms.fr\/wp-content\/uploads\/2017\/01\/periphcesar-300x169.jpg 300w, https:\/\/borderlinefilms.fr\/wp-content\/uploads\/2017\/01\/periphcesar-768x434.jpg 768w\" sizes=\"(max-width: 960px) 100vw, 960px\" \/><\/a><\/p>\n<p>&nbsp;<\/p>\n","protected":false},"excerpt":{"rendered":"<p>Nous sommes tr\u00e8s fiers d\u2019annoncer que le film de DAVID COQUARD-DASSAULT, produit par Schmuby et Autour de Minuit, est nomm\u00e9 aux C\u00e9sar 2017 !<\/p>\n<p>La c\u00e9r\u00e9monie aura lieu le 24 f\u00e9vrier prochain.<\/p>\n<p>Le film a \u00e9t\u00e9 soutenu par le CNC et la R\u00e9gion Nouvelle-Aquitaine et accompagn\u00e9 par l\u2019agence Ecla.<\/p>\n","protected":false},"author":2,"featured_media":241,"comment_status":"closed","ping_status":"closed","sticky":false,"template":"","format":"standard","meta":{"kt_blocks_editor_width":"","footnotes":"","_vp_format_video_url":"","_vp_image_focal_point":[]},"categories":[7],"tags":[],"_links":{"self":[{"href":"https:\/\/borderlinefilms.fr\/index.php?rest_route=\/wp\/v2\/posts\/370"}],"collection":[{"href":"https:\/\/borderlinefilms.fr\/index.php?rest_route=\/wp\/v2\/posts"}],"about":[{"href":"https:\/\/borderlinefilms.fr\/index.php?rest_route=\/wp\/v2\/types\/post"}],"author":[{"embeddable":true,"href":"https:\/\/borderlinefilms.fr\/index.php?rest_route=\/wp\/v2\/users\/2"}],"replies":[{"embeddable":true,"href":"https:\/\/borderlinefilms.fr\/index.php?rest_route=%2Fwp%2Fv2%2Fcomments&post=370"}],"version-history":[{"count":2,"href":"https:\/\/borderlinefilms.fr\/index.php?rest_route=\/wp\/v2\/posts\/370\/revisions"}],"predecessor-version":[{"id":373,"href":"https:\/\/borderlinefilms.fr\/index.php?rest_route=\/wp\/v2\/posts\/370\/revisions\/373"}],"wp:featuredmedia":[{"embeddable":true,"href":"https:\/\/borderlinefilms.fr\/index.php?rest_route=\/wp\/v2\/media\/241"}],"wp:attachment":[{"href":"https:\/\/borderlinefilms.fr\/index.php?rest_route=%2Fwp%2Fv2%2Fmedia&parent=370"}],"wp:term":[{"taxonomy":"category","embeddable":true,"href":"https:\/\/borderlinefilms.fr\/index.php?rest_route=%2Fwp%2Fv2%2Fcategories&post=370"},{"taxonomy":"post_tag","embeddable":true,"href":"https:\/\/borderlinefilms.fr\/index.php?rest_route=%2Fwp%2Fv2%2Ftags&post=370"}],"curies":[{"name":"wp","href":"https:\/\/api.w.org\/{rel}","templated":true}]}}